{"id":182,"date":"2023-04-30T11:18:27","date_gmt":"2023-04-30T09:18:27","guid":{"rendered":"https:\/\/www.espanaparques.es\/noticias\/?p=182"},"modified":"2023-04-30T11:27:37","modified_gmt":"2023-04-30T09:27:37","slug":"oferta-disneyland-paris-2023-gran-final-30-aniversario","status":"publish","type":"post","link":"https:\/\/www.espanaparques.es\/noticias\/oferta-disneyland-paris-2023-gran-final-30-aniversario\/","title":{"rendered":"Oferta Disneyland Paris 2023: \u00abGran Final\u00bb 30\u00b0 Aniversario"},"content":{"rendered":"\n<figure class=\"wp-block-image size-large\"><img loading=\"lazy\" decoding=\"async\" width=\"1024\" height=\"587\" src=\"https:\/\/www.espanaparques.es\/noticias\/wp-content\/uploads\/2023\/04\/disneyland-paris-gran-final-30-aniversario-1024x587.jpg\" alt=\"Gran Final 30\u00b0 Aniversario de Disneyland Paris 2023\" class=\"wp-image-184\" srcset=\"https:\/\/www.espanaparques.es\/noticias\/wp-content\/uploads\/2023\/04\/disneyland-paris-gran-final-30-aniversario-1024x587.jpg 1024w, https:\/\/www.espanaparques.es\/noticias\/wp-content\/uploads\/2023\/04\/disneyland-paris-gran-final-30-aniversario-300x172.jpg 300w, https:\/\/www.espanaparques.es\/noticias\/wp-content\/uploads\/2023\/04\/disneyland-paris-gran-final-30-aniversario-768x440.jpg 768w, https:\/\/www.espanaparques.es\/noticias\/wp-content\/uploads\/2023\/04\/disneyland-paris-gran-final-30-aniversario.jpg 1200w\" sizes=\"auto, (max-width: 1024px) 100vw, 1024px\" \/><\/figure>\n\n\n\n<p>Durante la primavera &#8211; verano 2023 en <strong><a href=\"https:\/\/www.espanaparques.es\/disneyland-paris.php\" title=\"\">Disneyland Paris<\/a> continuar\u00e1n las celebraciones de la Gran Final del 30\u00b0 Aniversario<\/strong> con meses llenos de eventos, nuevos espect\u00e1culos y la nueva zona Avengers Campus, el hogar de los Superh\u00e9roes Marvel dentro del Parque Walt Disney Studios.<\/p>\n\n\n\n<p>Entre las muchas <strong>novedades de 2023<\/strong> organizadas especialmente para el <strong>Gran Final del 30\u00b0 Aniversario de Disneyland Paris<\/strong> destacan:<\/p>\n\n\n\n<h3 class=\"wp-block-heading\"><strong>Avengers: Power the Night<\/strong><\/h3>\n\n\n\n<p>Tras las recientes aperturas del <em><a href=\"https:\/\/www.espanaparques.es\/noticias\/avengers-campus-en-walt-disney-studios-de-disneyland-paris\/\" title=\"\">Marvel Avengers Campus<\/a><\/em> y el <em>Disney Hotel New York\u00ae &#8211; The Art of Marvel<\/em>, los hu\u00e9spedes de <strong>Walt Disney Studios<\/strong> estar\u00e1n encantados de ver el nuevo espect\u00e1culo nocturno de drones sobre la Torre del Terror hasta el 8 de mayo de 2023.<\/p>\n\n\n\n<h3 class=\"wp-block-heading\"><strong>Disney Dream<\/strong><\/h3>\n\n\n\n<p>Con motivo de la <strong>Gran Final del 30\u00b0 Aniversario de Disneyland Paris<\/strong>, tambi\u00e9n volver\u00e1 el fant\u00e1stico <strong>espect\u00e1culo nocturno \u00ab<em>Disney Dreams\u00ae!<\/em><\/strong>\u00bb , uno de los espect\u00e1culos que durante las pasadas temporadas ha recibido una de las mayores tasas de satisfacci\u00f3n de los visitantes. \u00a1La oportunidad perfecta para que todos los fans de Disney redescubran esta creaci\u00f3n \u00fanica y para que las nuevas generaciones disfruten en exclusiva de un espect\u00e1culo ic\u00f3nico!<\/p>\n\n\n\n<figure class=\"wp-block-image size-large\"><img loading=\"lazy\" decoding=\"async\" width=\"1024\" height=\"566\" src=\"https:\/\/www.espanaparques.es\/noticias\/wp-content\/uploads\/2023\/04\/Disneyland-Paris-2023-Nuevo-Espectaculo-Pixar-1024x566.jpg\" alt=\"Nuevo espectaculo Pixar en parque Walt Disney Studios de Disneyland Paris \" class=\"wp-image-185\" srcset=\"https:\/\/www.espanaparques.es\/noticias\/wp-content\/uploads\/2023\/04\/Disneyland-Paris-2023-Nuevo-Espectaculo-Pixar-1024x566.jpg 1024w, https:\/\/www.espanaparques.es\/noticias\/wp-content\/uploads\/2023\/04\/Disneyland-Paris-2023-Nuevo-Espectaculo-Pixar-300x166.jpg 300w, https:\/\/www.espanaparques.es\/noticias\/wp-content\/uploads\/2023\/04\/Disneyland-Paris-2023-Nuevo-Espectaculo-Pixar-768x424.jpg 768w, https:\/\/www.espanaparques.es\/noticias\/wp-content\/uploads\/2023\/04\/Disneyland-Paris-2023-Nuevo-Espectaculo-Pixar.jpg 1200w\" sizes=\"auto, (max-width: 1024px) 100vw, 1024px\" \/><\/figure>\n\n\n\n<h3 class=\"wp-block-heading\">Nuevo espect\u00e1culo PIXAR<\/h3>\n\n\n\n<p>A partir del verano de <strong>2023<\/strong>, los visitantes del <a href=\"https:\/\/www.espanaparques.es\/noticias\/walt-disney-studios-paris\/\" title=\"\">Walt Disney Studios Paris<\/a> podr\u00e1n descubrir un <strong>nuevo espect\u00e1culo Pixar en el escenario del Studio Theatre<\/strong>. El espect\u00e1culo mostrar\u00e1 c\u00f3mo la m\u00fasica y la amistad nos unen y combinar\u00e1 tecnolog\u00edas esc\u00e9nicas innovadoras, efectos de luz, coreograf\u00edas y, por supuesto, la m\u00fasica emblem\u00e1tica del estudio de animaci\u00f3n. Esta creaci\u00f3n original es una prueba m\u00e1s del deseo de Disneyland Paris de ofrecer a sus visitantes una inmersi\u00f3n en m\u00e1s historias de Pixar y la oportunidad de vivir aventuras con una incre\u00edble variedad de personajes de Disney.<\/p>\n\n\n\n<h3 class=\"wp-block-heading\">Reapertura de la atracci\u00f3n It\u2019s en Small World<\/h3>\n\n\n\n<p>En la primavera de 2023, para el deleite de todos los visitantes de <strong>Disneyland Paris<\/strong>, tambi\u00e9n se reabrir\u00e1 <em><strong>It\u2019s a small world<\/strong><\/em>, la atracci\u00f3n familiar imprescindible, ubicada en el coraz\u00f3n de Fantasyland del <a href=\"https:\/\/www.espanaparques.es\/noticias\/atracciones-disneyland-paris\/\" title=\"\">Parque Disneyland<\/a>, que siempre ha entretenido a j\u00f3venes y mayores con una maravillosa gira mundial al son de una de las canciones m\u00e1s ic\u00f3nicas creadas por Disney. Un himno a la fraternidad universal cargado de emoci\u00f3n por una atracci\u00f3n insignia amada por todos.<\/p>\n\n\n\n<p>Estas son solo algunas de las <strong>novedades pensadas para la Gran Final del 30\u00b0 Aniversario de Disneyland Paris<\/strong>.<\/p>\n\n\n\n<p>Entonces, \u00bfqu\u00e9 est\u00e1s esperando? Descubre y reserva ya uno de los ventajosos <a href=\"https:\/\/www.espanaparques.es\/ofertas-hotel-disneyland-paris.php\" title=\"\">paquetes Disneyland Paris m\u00e1s Hoteles<\/a> y podr\u00e1s modificar o cancelar la oferta sin coste alguno.<\/p>\n","protected":false},"excerpt":{"rendered":"<p>En Disneyland Paris contin\u00faa la fiesta de la Gran Final del 30 \u00ba Aniversario, descubre todas las novedades en Disneyland Park y en Walt Disney Studios Paris. <\/p>\n","protected":false},"author":1,"featured_media":184,"comment_status":"closed","ping_status":"open","sticky":false,"template":"","format":"standard","meta":{"neve_meta_sidebar":"","neve_meta_container":"","neve_meta_enable_content_width":"","neve_meta_content_width":0,"neve_meta_title_alignment":"","neve_meta_author_avatar":"","neve_post_elements_order":"","neve_meta_disable_header":"","neve_meta_disable_footer":"","neve_meta_disable_title":"","footnotes":""},"categories":[20],"tags":[],"class_list":["post-182","post","type-post","status-publish","format-standard","has-post-thumbnail","hentry","category-disneyland-paris"],"aioseo_notices":[],"amp_enabled":true,"_links":{"self":[{"href":"https:\/\/www.espanaparques.es\/noticias\/wp-json\/wp\/v2\/posts\/182","targetHints":{"allow":["GET"]}}],"collection":[{"href":"https:\/\/www.espanaparques.es\/noticias\/wp-json\/wp\/v2\/posts"}],"about":[{"href":"https:\/\/www.espanaparques.es\/noticias\/wp-json\/wp\/v2\/types\/post"}],"author":[{"embeddable":true,"href":"https:\/\/www.espanaparques.es\/noticias\/wp-json\/wp\/v2\/users\/1"}],"replies":[{"embeddable":true,"href":"https:\/\/www.espanaparques.es\/noticias\/wp-json\/wp\/v2\/comments?post=182"}],"version-history":[{"count":1,"href":"https:\/\/www.espanaparques.es\/noticias\/wp-json\/wp\/v2\/posts\/182\/revisions"}],"predecessor-version":[{"id":186,"href":"https:\/\/www.espanaparques.es\/noticias\/wp-json\/wp\/v2\/posts\/182\/revisions\/186"}],"wp:featuredmedia":[{"embeddable":true,"href":"https:\/\/www.espanaparques.es\/noticias\/wp-json\/wp\/v2\/media\/184"}],"wp:attachment":[{"href":"https:\/\/www.espanaparques.es\/noticias\/wp-json\/wp\/v2\/media?parent=182"}],"wp:term":[{"taxonomy":"category","embeddable":true,"href":"https:\/\/www.espanaparques.es\/noticias\/wp-json\/wp\/v2\/categories?post=182"},{"taxonomy":"post_tag","embeddable":true,"href":"https:\/\/www.espanaparques.es\/noticias\/wp-json\/wp\/v2\/tags?post=182"}],"curies":[{"name":"wp","href":"https:\/\/api.w.org\/{rel}","templated":true}]}}