{"id":134,"date":"2023-04-27T11:45:17","date_gmt":"2023-04-27T09:45:17","guid":{"rendered":"https:\/\/www.espanaparques.es\/noticias\/?p=134"},"modified":"2023-04-27T11:45:18","modified_gmt":"2023-04-27T09:45:18","slug":"entradas-terra-mitica-precios-2023","status":"publish","type":"post","link":"https:\/\/www.espanaparques.es\/noticias\/entradas-terra-mitica-precios-2023\/","title":{"rendered":"Entradas Terra M\u00edtica Precios 2023"},"content":{"rendered":"\n<figure class=\"wp-block-image size-large\"><img loading=\"lazy\" decoding=\"async\" width=\"1024\" height=\"576\" src=\"https:\/\/www.espanaparques.es\/noticias\/wp-content\/uploads\/2023\/04\/parque-terra-mitica-benidorm-1024x576.jpg\" alt=\"Monta\u00f1a rusa del parque tem\u00e1tico Terra M\u00edtica en Benidorm\" class=\"wp-image-136\" srcset=\"https:\/\/www.espanaparques.es\/noticias\/wp-content\/uploads\/2023\/04\/parque-terra-mitica-benidorm-1024x576.jpg 1024w, https:\/\/www.espanaparques.es\/noticias\/wp-content\/uploads\/2023\/04\/parque-terra-mitica-benidorm-300x169.jpg 300w, https:\/\/www.espanaparques.es\/noticias\/wp-content\/uploads\/2023\/04\/parque-terra-mitica-benidorm-768x432.jpg 768w, https:\/\/www.espanaparques.es\/noticias\/wp-content\/uploads\/2023\/04\/parque-terra-mitica-benidorm.jpg 1200w\" sizes=\"auto, (max-width: 1024px) 100vw, 1024px\" \/><\/figure>\n\n\n\n<p><strong>Terra M\u00edtica<\/strong> es uno de los parques de atracciones m\u00e1s visitados de Espa\u00f1a y ofrece a los hu\u00e9spedes un viaje a trav\u00e9s de las costumbres, mitos y leyendas de las cinco grandes civilizaciones que han poblado el Mediterr\u00e1neo. Terra M\u00edtica se encuentra a pocos kil\u00f3metros de la famosa localidad tur\u00edstica de <strong>Benidorm<\/strong> y es f\u00e1cilmente accesible desde las ciudades de Valencia y Alicante.<br>Para obtener m\u00e1s informaci\u00f3n sobre el parque tem\u00e1tico, consulta la <a href=\"https:\/\/www.espanaparques.es\/terra-mitica.php\" title=\"\">descripci\u00f3n completa de Terra M\u00edtica<\/a>.<\/p>\n\n\n\n<h2 class=\"wp-block-heading\">Terra M\u00edtica Precio Entradas 2023<\/h2>\n\n\n\n<p><a><\/a><a><\/a><a><\/a><a><\/a><a><\/a><a><\/a><a><\/a><a><\/a> <strong>Precios Temporada Baja (del 4 al 30 de junio)<\/strong><br><strong>Endrada Adulto:<\/strong>&nbsp;39,00\u20ac<br><strong>Entrada J\u00fanior\/S\u00e9nior:<\/strong>&nbsp;28,00\u20ac<br><strong>Entrada gratuita:<\/strong>&nbsp;ni\u00f1os de 0-3 a\u00f1os<br><br><strong>Precios Temporada Alta (del 1 de julio al 4 de septiembre)<\/strong><br><strong>Endrada Adulto:<\/strong>&nbsp;49,00\u20ac<br><strong>Entrada J\u00fanior\/S\u00e9nior:<\/strong>&nbsp;35,00\u20ac<br><strong>Entrada gratuita:<\/strong>&nbsp;ni\u00f1os de 0-3 a\u00f1os<br><br><strong>Notas:<\/strong><br>Tarifa reducida reservada para ni\u00f1os desde 4 hasta 12 a\u00f1os, ambos inclusive, y personas mayores de 65 a\u00f1os.<br><br>Las entradas de temporada baja incluyen acceso a las \u00e1reas de Egipto, Grecia y Roma.<\/p>\n\n\n\n<p><\/p>\n\n\n\n<p><\/p>\n","protected":false},"excerpt":{"rendered":"<p>Descubre la nueva lista de precios para la entrada a Terra M\u00edtica, el gran parque tem\u00e1tico de Benidorm, uno de los parques de atracciones m\u00e1s visitados de Espa\u00f1a.<\/p>\n","protected":false},"author":1,"featured_media":136,"comment_status":"closed","ping_status":"open","sticky":false,"template":"","format":"standard","meta":{"neve_meta_sidebar":"","neve_meta_container":"","neve_meta_enable_content_width":"","neve_meta_content_width":0,"neve_meta_title_alignment":"","neve_meta_author_avatar":"","neve_post_elements_order":"","neve_meta_disable_header":"","neve_meta_disable_footer":"","neve_meta_disable_title":"","footnotes":""},"categories":[31],"tags":[],"class_list":["post-134","post","type-post","status-publish","format-standard","has-post-thumbnail","hentry","category-terra-mitica"],"aioseo_notices":[],"amp_enabled":true,"_links":{"self":[{"href":"https:\/\/www.espanaparques.es\/noticias\/wp-json\/wp\/v2\/posts\/134","targetHints":{"allow":["GET"]}}],"collection":[{"href":"https:\/\/www.espanaparques.es\/noticias\/wp-json\/wp\/v2\/posts"}],"about":[{"href":"https:\/\/www.espanaparques.es\/noticias\/wp-json\/wp\/v2\/types\/post"}],"author":[{"embeddable":true,"href":"https:\/\/www.espanaparques.es\/noticias\/wp-json\/wp\/v2\/users\/1"}],"replies":[{"embeddable":true,"href":"https:\/\/www.espanaparques.es\/noticias\/wp-json\/wp\/v2\/comments?post=134"}],"version-history":[{"count":1,"href":"https:\/\/www.espanaparques.es\/noticias\/wp-json\/wp\/v2\/posts\/134\/revisions"}],"predecessor-version":[{"id":137,"href":"https:\/\/www.espanaparques.es\/noticias\/wp-json\/wp\/v2\/posts\/134\/revisions\/137"}],"wp:featuredmedia":[{"embeddable":true,"href":"https:\/\/www.espanaparques.es\/noticias\/wp-json\/wp\/v2\/media\/136"}],"wp:attachment":[{"href":"https:\/\/www.espanaparques.es\/noticias\/wp-json\/wp\/v2\/media?parent=134"}],"wp:term":[{"taxonomy":"category","embeddable":true,"href":"https:\/\/www.espanaparques.es\/noticias\/wp-json\/wp\/v2\/categories?post=134"},{"taxonomy":"post_tag","embeddable":true,"href":"https:\/\/www.espanaparques.es\/noticias\/wp-json\/wp\/v2\/tags?post=134"}],"curies":[{"name":"wp","href":"https:\/\/api.w.org\/{rel}","templated":true}]}}